{"id":982,"date":"2020-04-30T08:08:49","date_gmt":"2020-04-30T08:08:49","guid":{"rendered":"http:\/\/parat.w.uib.no\/?p=982"},"modified":"2020-04-30T08:08:49","modified_gmt":"2020-04-30T08:08:49","slug":"lonnsoppgjoret-utsettes-til-hosten","status":"publish","type":"post","link":"https:\/\/parat.w.uib.no\/?p=982","title":{"rendered":"L\u00f8nnsoppgj\u00f8ret utsettes til h\u00f8sten"},"content":{"rendered":"<h2 class=\"title\"><a href=\"https:\/\/www.regjeringen.no\/no\/aktuelt\/lonnsoppgjoret-utsettes-til-hosten\/id2693599\/\">L\u00f8nnsoppgj\u00f8ret utsettes til h\u00f8sten<\/a><\/h2>\n<p>Riksmekleren har i samr\u00e5d med partene i frontfaget Fellesforbundet og Norsk Industri, samtlige hovedorganisasjoner og staten, besluttet \u00e5 utsette oppstart av \u00e5rets tariffmeklinger til h\u00f8sten 2020.<\/p>\n","protected":false},"excerpt":{"rendered":"<p>L\u00f8nnsoppgj\u00f8ret utsettes til h\u00f8sten Riksmekleren har i samr\u00e5d med partene i frontfaget Fellesforbundet og Norsk Industri, samtlige hovedorganisasjoner og staten, besluttet \u00e5 utsette oppstart av \u00e5rets tariffmeklinger til h\u00f8sten 2020.<\/p>\n","protected":false},"author":2802,"featured_media":0,"comment_status":"closed","ping_status":"closed","sticky":false,"template":"","format":"standard","meta":{"footnotes":""},"categories":[42],"tags":[],"class_list":["post-982","post","type-post","status-publish","format-standard","hentry","category-diverse"],"_links":{"self":[{"href":"https:\/\/parat.w.uib.no\/index.php?rest_route=\/wp\/v2\/posts\/982","targetHints":{"allow":["GET"]}}],"collection":[{"href":"https:\/\/parat.w.uib.no\/index.php?rest_route=\/wp\/v2\/posts"}],"about":[{"href":"https:\/\/parat.w.uib.no\/index.php?rest_route=\/wp\/v2\/types\/post"}],"author":[{"embeddable":true,"href":"https:\/\/parat.w.uib.no\/index.php?rest_route=\/wp\/v2\/users\/2802"}],"replies":[{"embeddable":true,"href":"https:\/\/parat.w.uib.no\/index.php?rest_route=%2Fwp%2Fv2%2Fcomments&post=982"}],"version-history":[{"count":1,"href":"https:\/\/parat.w.uib.no\/index.php?rest_route=\/wp\/v2\/posts\/982\/revisions"}],"predecessor-version":[{"id":983,"href":"https:\/\/parat.w.uib.no\/index.php?rest_route=\/wp\/v2\/posts\/982\/revisions\/983"}],"wp:attachment":[{"href":"https:\/\/parat.w.uib.no\/index.php?rest_route=%2Fwp%2Fv2%2Fmedia&parent=982"}],"wp:term":[{"taxonomy":"category","embeddable":true,"href":"https:\/\/parat.w.uib.no\/index.php?rest_route=%2Fwp%2Fv2%2Fcategories&post=982"},{"taxonomy":"post_tag","embeddable":true,"href":"https:\/\/parat.w.uib.no\/index.php?rest_route=%2Fwp%2Fv2%2Ftags&post=982"}],"curies":[{"name":"wp","href":"https:\/\/api.w.org\/{rel}","templated":true}]}}