{"id":979,"date":"2020-04-30T08:05:34","date_gmt":"2020-04-30T08:05:34","guid":{"rendered":"http:\/\/parat.w.uib.no\/?p=979"},"modified":"2020-04-30T08:05:34","modified_gmt":"2020-04-30T08:05:34","slug":"gratis-kurs-i-kunstig-intelligens-mange-skal-kunne-litt","status":"publish","type":"post","link":"https:\/\/parat.w.uib.no\/?p=979","title":{"rendered":"Gratis kurs i kunstig intelligens \u2013 mange skal kunne litt!"},"content":{"rendered":"<p><strong><a href=\"https:\/\/www.regjeringen.no\/no\/aktuelt\/gratis-kurs-i-kunstig-intelligens--mange-skal-kunne-litt\/id2700313\/?utm_source=www.regjeringen.no&amp;utm_medium=epost&amp;utm_campaign=nyhetsvarsel%2029.04.2020&amp;utm_content=Statlig%20forvaltning%20og%20Aktuelt%20fr\u00e5%20Kommunal-%20og%20moderniseringsdepartementet\">Gratis kurs i kunstig intelligens \u2013 mange skal kunne litt!<\/a><\/strong><\/p>\n<p>Pressemelding | 29.04.2020 | Kommunal- og moderniseringsdepartementet<\/p>\n<ol start=\"29\">\n<li>april kan du ta kurs i kunstig intelligens p\u00e5 nett. Da lanseres kurset Elements of AI i norsk versjon. M\u00e5let er \u00e5 gj\u00f8re kunstig intelligens forst\u00e5elig for alle.<\/li>\n<\/ol>\n<p>&nbsp;<\/p>\n","protected":false},"excerpt":{"rendered":"<p>Gratis kurs i kunstig intelligens \u2013 mange skal kunne litt! Pressemelding | 29.04.2020 | Kommunal- og moderniseringsdepartementet april kan du ta kurs i kunstig intelligens p\u00e5 nett. Da lanseres kurset Elements of AI i norsk versjon. M\u00e5let er \u00e5 gj\u00f8re kunstig intelligens forst\u00e5elig for alle. &nbsp;<\/p>\n","protected":false},"author":2802,"featured_media":0,"comment_status":"closed","ping_status":"closed","sticky":false,"template":"","format":"standard","meta":{"footnotes":""},"categories":[42],"tags":[],"class_list":["post-979","post","type-post","status-publish","format-standard","hentry","category-diverse"],"_links":{"self":[{"href":"https:\/\/parat.w.uib.no\/index.php?rest_route=\/wp\/v2\/posts\/979","targetHints":{"allow":["GET"]}}],"collection":[{"href":"https:\/\/parat.w.uib.no\/index.php?rest_route=\/wp\/v2\/posts"}],"about":[{"href":"https:\/\/parat.w.uib.no\/index.php?rest_route=\/wp\/v2\/types\/post"}],"author":[{"embeddable":true,"href":"https:\/\/parat.w.uib.no\/index.php?rest_route=\/wp\/v2\/users\/2802"}],"replies":[{"embeddable":true,"href":"https:\/\/parat.w.uib.no\/index.php?rest_route=%2Fwp%2Fv2%2Fcomments&post=979"}],"version-history":[{"count":2,"href":"https:\/\/parat.w.uib.no\/index.php?rest_route=\/wp\/v2\/posts\/979\/revisions"}],"predecessor-version":[{"id":981,"href":"https:\/\/parat.w.uib.no\/index.php?rest_route=\/wp\/v2\/posts\/979\/revisions\/981"}],"wp:attachment":[{"href":"https:\/\/parat.w.uib.no\/index.php?rest_route=%2Fwp%2Fv2%2Fmedia&parent=979"}],"wp:term":[{"taxonomy":"category","embeddable":true,"href":"https:\/\/parat.w.uib.no\/index.php?rest_route=%2Fwp%2Fv2%2Fcategories&post=979"},{"taxonomy":"post_tag","embeddable":true,"href":"https:\/\/parat.w.uib.no\/index.php?rest_route=%2Fwp%2Fv2%2Ftags&post=979"}],"curies":[{"name":"wp","href":"https:\/\/api.w.org\/{rel}","templated":true}]}}