{"id":759,"date":"2018-05-02T10:15:13","date_gmt":"2018-05-02T10:15:13","guid":{"rendered":"http:\/\/parat.w.uib.no\/?p=759"},"modified":"2018-05-02T10:15:13","modified_gmt":"2018-05-02T10:15:13","slug":"759","status":"publish","type":"post","link":"https:\/\/parat.w.uib.no\/?p=759","title":{"rendered":""},"content":{"rendered":"<div class=\"abstract\">\n<p>Det er brudd i forhandlingene om ny hovedtariffavtale i staten. Etter intense forhandlinger l\u00f8rdag kveld og natt til s\u00f8ndag ble det klart at brudd var uunng\u00e5elig for YS Stat.<br \/>\nAv <a>Vetle Daler<\/a> <span class=\"date\">30.04.2018 23:04<\/span><\/p>\n<\/div>\n<div class=\"body\">\n<p>\u2013 Vi har strukket oss langt for \u00e5 finne en forhandlingsl\u00f8sning, men v\u00e5re krav har blitt ikke blitt im\u00f8tekommet av staten, sier Parats forhandlingsleder Unn Kristin Olsen.<\/p>\n<p>\u2013 Selv om partene har kommet fram til en \u00f8konomisk ramme i tr\u00e5d med frontfaget, er det totale tilbudet av en slik art at vi ikke fant \u00e5 kunne godta det, sier hun.<\/p>\n<p>Staten har heller ikke v\u00e6rt villige til \u00e5 gjennomf\u00f8re reelle forhandlinger p\u00e5 andre viktige punkter i tariffavtalen, og har avvist \u00e5 diskutere taket p\u00e5 pensjonsgivende tillegg. Parat har dessuten krev endringer i lokale bestemmelser hvor m\u00e5let har v\u00e6rt \u00e5 styrke de tillitsvalgtes situasjon. Heller ikke dette har staten v\u00e6rt villig til \u00e5 diskutere.<\/p>\n<p>YS Stat st\u00e5r sammen med Unio og LO Stat, som ogs\u00e5 har brutt forhandlingene. Hovedtariffoppgj\u00f8ret i staten g\u00e5r n\u00e5 til mekling. Meklingsfrist er satt til 23. mai kl 24:00. Dersom denne meklingen ikke f\u00f8rer fram, vil en eventuell streik i staten kunne iverksettes fra 24. mai kl 00:00.<\/p>\n<p>Informasjon om oppgj\u00f8ret finner du ogs\u00e5 p\u00e5 <a href=\"http:\/\/www.parat.com\">www.parat.com<\/a> og <a href=\"http:\/\/www.jegerstatsansatt.org\/\">www.jegerstatsansatt.org\/<\/a><\/p>\n<\/div>\n","protected":false},"excerpt":{"rendered":"<p>Det er brudd i forhandlingene om ny hovedtariffavtale i staten. Etter intense forhandlinger l\u00f8rdag kveld og natt til s\u00f8ndag ble det klart at brudd var uunng\u00e5elig for YS Stat. Av Vetle Daler 30.04.2018 23:04 \u2013 Vi har strukket oss langt for \u00e5 finne en forhandlingsl\u00f8sning, men v\u00e5re krav har blitt ikke blitt im\u00f8tekommet av staten,&hellip;<a href=\"https:\/\/parat.w.uib.no\/?p=759\" class=\"more-link\">Continue reading <span class=\"screen-reader-text\"><\/span><\/a><\/p>\n","protected":false},"author":2802,"featured_media":0,"comment_status":"closed","ping_status":"closed","sticky":false,"template":"","format":"standard","meta":{"footnotes":""},"categories":[42],"tags":[],"class_list":["post-759","post","type-post","status-publish","format-standard","hentry","category-diverse"],"_links":{"self":[{"href":"https:\/\/parat.w.uib.no\/index.php?rest_route=\/wp\/v2\/posts\/759","targetHints":{"allow":["GET"]}}],"collection":[{"href":"https:\/\/parat.w.uib.no\/index.php?rest_route=\/wp\/v2\/posts"}],"about":[{"href":"https:\/\/parat.w.uib.no\/index.php?rest_route=\/wp\/v2\/types\/post"}],"author":[{"embeddable":true,"href":"https:\/\/parat.w.uib.no\/index.php?rest_route=\/wp\/v2\/users\/2802"}],"replies":[{"embeddable":true,"href":"https:\/\/parat.w.uib.no\/index.php?rest_route=%2Fwp%2Fv2%2Fcomments&post=759"}],"version-history":[{"count":1,"href":"https:\/\/parat.w.uib.no\/index.php?rest_route=\/wp\/v2\/posts\/759\/revisions"}],"predecessor-version":[{"id":760,"href":"https:\/\/parat.w.uib.no\/index.php?rest_route=\/wp\/v2\/posts\/759\/revisions\/760"}],"wp:attachment":[{"href":"https:\/\/parat.w.uib.no\/index.php?rest_route=%2Fwp%2Fv2%2Fmedia&parent=759"}],"wp:term":[{"taxonomy":"category","embeddable":true,"href":"https:\/\/parat.w.uib.no\/index.php?rest_route=%2Fwp%2Fv2%2Fcategories&post=759"},{"taxonomy":"post_tag","embeddable":true,"href":"https:\/\/parat.w.uib.no\/index.php?rest_route=%2Fwp%2Fv2%2Ftags&post=759"}],"curies":[{"name":"wp","href":"https:\/\/api.w.org\/{rel}","templated":true}]}}