{"id":685,"date":"2017-03-08T11:43:51","date_gmt":"2017-03-08T11:43:51","guid":{"rendered":"http:\/\/parat.w.uib.no\/?p=685"},"modified":"2017-05-02T11:35:21","modified_gmt":"2017-05-02T11:35:21","slug":"685","status":"publish","type":"post","link":"https:\/\/parat.w.uib.no\/?p=685","title":{"rendered":"L\u00f8nnsoppgj\u00f8ret 2017"},"content":{"rendered":"<div class=\"post_title\">\n<h6>Enighet i de sentrale l\u00f8nnsforhandlingene: <a href=\"http:\/\/www.parat.com\/Parat\/Menyer\/L%C3%B8nn-og-tariff\/Hovedavtaler-og-tariffavtaler\/Tariffavtaler-Staten\/Hovedtariffavtale-i-staten-m1222-a355199.html\">Les her<\/a><\/p>\n<p>L\u00f8nnsoppgj\u00f8ret 2017 er et mellomoppgj\u00f8r. Det betyr at partene forhandler om kroner og \u00f8re, alts\u00e5 hvor mye du og jeg f\u00e5r i l\u00f8nnstillegg. \u00c5 forhandle frem bedre l\u00f8nns- og arbeidsvilk\u00e5r for medlemmene er det aller viktigste YS jobber med.<\/h6>\n<\/div>\n<div>\n<p>F\u00f8lg med her<\/p>\n<p><a href=\"http:\/\/ys.no\/lonn-og-tariff\/lonnsoppgjoret-2017\/\"> <img loading=\"lazy\" decoding=\"async\" class=\"alignnone wp-image-688\" src=\"http:\/\/parat.w.uib.no\/files\/2017\/03\/Lonn.jpg\" alt=\"lonn\" width=\"94\" height=\"95\" srcset=\"https:\/\/parat.w.uib.no\/files\/2017\/03\/Lonn.jpg 152w, https:\/\/parat.w.uib.no\/files\/2017\/03\/Lonn-150x150.jpg 150w\" sizes=\"auto, (max-width: 94px) 100vw, 94px\" \/><\/a><\/p>\n<\/div>\n","protected":false},"excerpt":{"rendered":"<p>Enighet i de sentrale l\u00f8nnsforhandlingene: Les her L\u00f8nnsoppgj\u00f8ret 2017 er et mellomoppgj\u00f8r. Det betyr at partene forhandler om kroner og \u00f8re, alts\u00e5 hvor mye du og jeg f\u00e5r i l\u00f8nnstillegg. \u00c5 forhandle frem bedre l\u00f8nns- og arbeidsvilk\u00e5r for medlemmene er det aller viktigste YS jobber med. F\u00f8lg med her<\/p>\n","protected":false},"author":2802,"featured_media":0,"comment_status":"closed","ping_status":"closed","sticky":false,"template":"","format":"standard","meta":{"footnotes":""},"categories":[103847],"tags":[],"class_list":["post-685","post","type-post","status-publish","format-standard","hentry","category-lonnsoppgjoret-2017"],"_links":{"self":[{"href":"https:\/\/parat.w.uib.no\/index.php?rest_route=\/wp\/v2\/posts\/685","targetHints":{"allow":["GET"]}}],"collection":[{"href":"https:\/\/parat.w.uib.no\/index.php?rest_route=\/wp\/v2\/posts"}],"about":[{"href":"https:\/\/parat.w.uib.no\/index.php?rest_route=\/wp\/v2\/types\/post"}],"author":[{"embeddable":true,"href":"https:\/\/parat.w.uib.no\/index.php?rest_route=\/wp\/v2\/users\/2802"}],"replies":[{"embeddable":true,"href":"https:\/\/parat.w.uib.no\/index.php?rest_route=%2Fwp%2Fv2%2Fcomments&post=685"}],"version-history":[{"count":9,"href":"https:\/\/parat.w.uib.no\/index.php?rest_route=\/wp\/v2\/posts\/685\/revisions"}],"predecessor-version":[{"id":706,"href":"https:\/\/parat.w.uib.no\/index.php?rest_route=\/wp\/v2\/posts\/685\/revisions\/706"}],"wp:attachment":[{"href":"https:\/\/parat.w.uib.no\/index.php?rest_route=%2Fwp%2Fv2%2Fmedia&parent=685"}],"wp:term":[{"taxonomy":"category","embeddable":true,"href":"https:\/\/parat.w.uib.no\/index.php?rest_route=%2Fwp%2Fv2%2Fcategories&post=685"},{"taxonomy":"post_tag","embeddable":true,"href":"https:\/\/parat.w.uib.no\/index.php?rest_route=%2Fwp%2Fv2%2Ftags&post=685"}],"curies":[{"name":"wp","href":"https:\/\/api.w.org\/{rel}","templated":true}]}}