{"id":646,"date":"2016-08-12T10:53:50","date_gmt":"2016-08-12T10:53:50","guid":{"rendered":"http:\/\/parat.w.uib.no\/?p=646"},"modified":"2016-08-12T10:53:50","modified_gmt":"2016-08-12T10:53:50","slug":"646","status":"publish","type":"post","link":"https:\/\/parat.w.uib.no\/?p=646","title":{"rendered":""},"content":{"rendered":"<p>Det er n\u00e5 kommet melding fra Departementet om potten ved de lokale forhandlingene. Hele tabllen finner du her:\u00a0 <a href=\"https:\/\/www.regjeringen.no\/contentassets\/a95403d0c2634ae58d7a2abc1f75ec6d\/lokale_avsetninger_2016_pr_1juli.xlsx\">L\u00f8nnsoppgj\u00f8ret 2016<\/a><\/p>\n<p>Det er satt av f\u00f8lgende for UiB<\/p>\n<p>Akademikerne \u00a0\u00a0\u00a0\u00a0\u00a0\u00a0\u00a0\u00a0\u00a0\u00a0\u00a0\u00a0\u00a0\u00a0\u00a0\u00a0\u00a0 9 723 500<br \/>\nYS\/LO\/Unio\u00a0\u00a0\u00a0\u00a0\u00a0\u00a0\u00a0\u00a0\u00a0\u00a0\u00a0\u00a0\u00a0\u00a0\u00a0\u00a0\u00a0\u00a0\u00a0\u00a0 22 515 930<br \/>\nTil sammen \u00a0\u00a0\u00a0\u00a0\u00a0\u00a0\u00a0\u00a0\u00a0\u00a0\u00a0\u00a0\u00a0\u00a0\u00a0\u00a0\u00a0\u00a0\u00a0 32 239 440<\/p>\n<p>En skal her huske p\u00e5 at YS\/LO\/Unio allerede har f\u00e5tt 50 % med virkning fra 1 mai, mens Akademikerne ikke f\u00e5r l\u00f8nnsendring f\u00f8r etter de lokale forhandlingen.<\/p>\n","protected":false},"excerpt":{"rendered":"<p>Det er n\u00e5 kommet melding fra Departementet om potten ved de lokale forhandlingene. Hele tabllen finner du her:\u00a0 L\u00f8nnsoppgj\u00f8ret 2016 Det er satt av f\u00f8lgende for UiB Akademikerne \u00a0\u00a0\u00a0\u00a0\u00a0\u00a0\u00a0\u00a0\u00a0\u00a0\u00a0\u00a0\u00a0\u00a0\u00a0\u00a0\u00a0 9 723 500 YS\/LO\/Unio\u00a0\u00a0\u00a0\u00a0\u00a0\u00a0\u00a0\u00a0\u00a0\u00a0\u00a0\u00a0\u00a0\u00a0\u00a0\u00a0\u00a0\u00a0\u00a0\u00a0 22 515 930 Til sammen \u00a0\u00a0\u00a0\u00a0\u00a0\u00a0\u00a0\u00a0\u00a0\u00a0\u00a0\u00a0\u00a0\u00a0\u00a0\u00a0\u00a0\u00a0\u00a0 32 239 440 En skal her huske p\u00e5 at YS\/LO\/Unio allerede har f\u00e5tt 50 % med&hellip;<a href=\"https:\/\/parat.w.uib.no\/?p=646\" class=\"more-link\">Continue reading <span class=\"screen-reader-text\"><\/span><\/a><\/p>\n","protected":false},"author":2802,"featured_media":0,"comment_status":"closed","ping_status":"closed","sticky":false,"template":"","format":"standard","meta":{"footnotes":""},"categories":[44580],"tags":[],"class_list":["post-646","post","type-post","status-publish","format-standard","hentry","category-lokale-lonnsforhandlinger-2016"],"_links":{"self":[{"href":"https:\/\/parat.w.uib.no\/index.php?rest_route=\/wp\/v2\/posts\/646","targetHints":{"allow":["GET"]}}],"collection":[{"href":"https:\/\/parat.w.uib.no\/index.php?rest_route=\/wp\/v2\/posts"}],"about":[{"href":"https:\/\/parat.w.uib.no\/index.php?rest_route=\/wp\/v2\/types\/post"}],"author":[{"embeddable":true,"href":"https:\/\/parat.w.uib.no\/index.php?rest_route=\/wp\/v2\/users\/2802"}],"replies":[{"embeddable":true,"href":"https:\/\/parat.w.uib.no\/index.php?rest_route=%2Fwp%2Fv2%2Fcomments&post=646"}],"version-history":[{"count":2,"href":"https:\/\/parat.w.uib.no\/index.php?rest_route=\/wp\/v2\/posts\/646\/revisions"}],"predecessor-version":[{"id":648,"href":"https:\/\/parat.w.uib.no\/index.php?rest_route=\/wp\/v2\/posts\/646\/revisions\/648"}],"wp:attachment":[{"href":"https:\/\/parat.w.uib.no\/index.php?rest_route=%2Fwp%2Fv2%2Fmedia&parent=646"}],"wp:term":[{"taxonomy":"category","embeddable":true,"href":"https:\/\/parat.w.uib.no\/index.php?rest_route=%2Fwp%2Fv2%2Fcategories&post=646"},{"taxonomy":"post_tag","embeddable":true,"href":"https:\/\/parat.w.uib.no\/index.php?rest_route=%2Fwp%2Fv2%2Ftags&post=646"}],"curies":[{"name":"wp","href":"https:\/\/api.w.org\/{rel}","templated":true}]}}