{"id":623,"date":"2016-07-06T10:49:05","date_gmt":"2016-07-06T10:49:05","guid":{"rendered":"http:\/\/parat.w.uib.no\/?p=623"},"modified":"2016-07-06T10:49:05","modified_gmt":"2016-07-06T10:49:05","slug":"medlemsmoter-parat-uib","status":"publish","type":"post","link":"https:\/\/parat.w.uib.no\/?p=623","title":{"rendered":"Medlemsm\u00f8ter Parat UiB"},"content":{"rendered":"<p>Det vil bli avholdt medlemsm\u00f8ter med tema Lokale l\u00f8nnsforhandlinger som f\u00f8lger<\/p>\n<p><strong>9 august kl 11:30 &#8211; 12:30<\/strong><br \/>\nfor medlemmer ansatt ved<br \/>\n<strong>ADM\/HF\/JUR\/SV\/PSYKOLOGI\/MUSEUM\/BIBLIOTEK\u00a0\u00a0<\/strong><br \/>\nauditoriet i Stein Rokkans Hus, Nyg\u00e5rdsgaten 5\u00a0 <a href=\"https:\/\/skjemaker.app.uib.no\/view.php?id=2283240\">Meld deg p\u00e5 her<\/a><\/p>\n<p><strong>16 august kl 14:00 &#8211; 15:00<\/strong><br \/>\nfor medlemmer ansatt ved<br \/>\n<strong>ADM\/HF\/JUR\/SV\/PSYKOLOGI\/MUSEUM\/BIBLIOTEK\u00a0<\/strong><br \/>\nauditoriet i Stein Rokkans Hus, Nyg\u00e5rdsgaten 5 <a href=\"https:\/\/skjemaker.app.uib.no\/view.php?id=2283240\">Meld deg p\u00e5 her<\/a><\/p>\n<p><strong>15 august kl 13:00 &#8211; 14:00<\/strong><br \/>\nfor medlemmer ansatt ved <strong>MNFA<\/strong><br \/>\nAuditorie 5 i Realfagbygget, All\u00e9gt. 4 <a href=\"https:\/\/skjemaker.app.uib.no\/view.php?id=2284273\">Meld deg p\u00e5 her<\/a><\/p>\n<p><strong>11 august kl 12:00 &#8211; 13:00<\/strong><br \/>\nfor medlemmer ansatt ved <strong>Odontologibygget<\/strong><br \/>\nauditorie A-CAVUM\u00a0 <a href=\"https:\/\/skjemaker.app.uib.no\/view.php?id=2283938\">Meld deg p\u00e5 her<\/a><\/p>\n<p><strong>17 august kl 11:30 &#8211; 12:30<\/strong><br \/>\nfor medlemmer ansatt ved <strong>MOFA<\/strong><br \/>\nauditorium 4 i BB bygget <a href=\"https:\/\/skjemaker.app.uib.no\/view.php?id=2283938\">Meld deg p\u00e5 her<\/a><\/p>\n","protected":false},"excerpt":{"rendered":"<p>Det vil bli avholdt medlemsm\u00f8ter med tema Lokale l\u00f8nnsforhandlinger som f\u00f8lger 9 august kl 11:30 &#8211; 12:30 for medlemmer ansatt ved ADM\/HF\/JUR\/SV\/PSYKOLOGI\/MUSEUM\/BIBLIOTEK\u00a0\u00a0 auditoriet i Stein Rokkans Hus, Nyg\u00e5rdsgaten 5\u00a0 Meld deg p\u00e5 her 16 august kl 14:00 &#8211; 15:00 for medlemmer ansatt ved ADM\/HF\/JUR\/SV\/PSYKOLOGI\/MUSEUM\/BIBLIOTEK\u00a0 auditoriet i Stein Rokkans Hus, Nyg\u00e5rdsgaten 5 Meld deg p\u00e5 her&hellip;<a href=\"https:\/\/parat.w.uib.no\/?p=623\" class=\"more-link\">Continue reading <span class=\"screen-reader-text\">Medlemsm\u00f8ter Parat UiB<\/span><\/a><\/p>\n","protected":false},"author":2802,"featured_media":0,"comment_status":"closed","ping_status":"closed","sticky":false,"template":"","format":"standard","meta":{"footnotes":""},"categories":[44580],"tags":[],"class_list":["post-623","post","type-post","status-publish","format-standard","hentry","category-lokale-lonnsforhandlinger-2016"],"_links":{"self":[{"href":"https:\/\/parat.w.uib.no\/index.php?rest_route=\/wp\/v2\/posts\/623","targetHints":{"allow":["GET"]}}],"collection":[{"href":"https:\/\/parat.w.uib.no\/index.php?rest_route=\/wp\/v2\/posts"}],"about":[{"href":"https:\/\/parat.w.uib.no\/index.php?rest_route=\/wp\/v2\/types\/post"}],"author":[{"embeddable":true,"href":"https:\/\/parat.w.uib.no\/index.php?rest_route=\/wp\/v2\/users\/2802"}],"replies":[{"embeddable":true,"href":"https:\/\/parat.w.uib.no\/index.php?rest_route=%2Fwp%2Fv2%2Fcomments&post=623"}],"version-history":[{"count":9,"href":"https:\/\/parat.w.uib.no\/index.php?rest_route=\/wp\/v2\/posts\/623\/revisions"}],"predecessor-version":[{"id":632,"href":"https:\/\/parat.w.uib.no\/index.php?rest_route=\/wp\/v2\/posts\/623\/revisions\/632"}],"wp:attachment":[{"href":"https:\/\/parat.w.uib.no\/index.php?rest_route=%2Fwp%2Fv2%2Fmedia&parent=623"}],"wp:term":[{"taxonomy":"category","embeddable":true,"href":"https:\/\/parat.w.uib.no\/index.php?rest_route=%2Fwp%2Fv2%2Fcategories&post=623"},{"taxonomy":"post_tag","embeddable":true,"href":"https:\/\/parat.w.uib.no\/index.php?rest_route=%2Fwp%2Fv2%2Ftags&post=623"}],"curies":[{"name":"wp","href":"https:\/\/api.w.org\/{rel}","templated":true}]}}