{"id":616,"date":"2016-07-04T09:01:05","date_gmt":"2016-07-04T09:01:05","guid":{"rendered":"http:\/\/parat.w.uib.no\/?p=616"},"modified":"2016-07-04T09:01:53","modified_gmt":"2016-07-04T09:01:53","slug":"frist-for-lokale-lonnsforhandlinger-2016","status":"publish","type":"post","link":"https:\/\/parat.w.uib.no\/?p=616","title":{"rendered":"Frist for lokale l\u00f8nnsforhandlinger 2016"},"content":{"rendered":"<p><strong><u>FRIST FOR INNSENDELSE AV KRAV ER MANDAG 22.08.16 KL 12:00<\/u><\/strong><\/p>\n<p>Det har i \u00e5r v\u00e6rt en del utfordringer for partene hvordan de lokale forhandlingene skal behandles, dette med bakgrunn i at vi n\u00e5 har 2 forskjellige tariffavtaler, YS\/Parat-LO\/NTL-Unio\/Forskerforbundet har en avtale (se vedlegg), mens Akademikerne har en egen avtale. Partene har n\u00e5 kommet frem til en l\u00f8sning som vil f\u00f8re til en utveksling av kravene, med arbeidsgiver, i begynnelse av september.<\/p>\n<p>Dette er en absolutt frist, krav som kommer inn etter fristen vil ikke bli registrert.<\/p>\n<p>Kravet kan sendes som pdf fil til <a href=\"mailto:post@parat.uib.no\">post@parat.uib.no<\/a><\/p>\n<p><a href=\"http:\/\/parat.w.uib.no\/files\/2016\/07\/Kravskjema-LL16-1.doc\">Kravskjema finner du her<\/a><\/p>\n<p>eller sendes med interpost til:<\/p>\n<p>Parat UiB,<br \/>\nStein Rokkans Hus<br \/>\nNyg\u00e5rdsgt. 5<br \/>\n5015 Bergen<\/p>\n","protected":false},"excerpt":{"rendered":"<p>FRIST FOR INNSENDELSE AV KRAV ER MANDAG 22.08.16 KL 12:00 Det har i \u00e5r v\u00e6rt en del utfordringer for partene hvordan de lokale forhandlingene skal behandles, dette med bakgrunn i at vi n\u00e5 har 2 forskjellige tariffavtaler, YS\/Parat-LO\/NTL-Unio\/Forskerforbundet har en avtale (se vedlegg), mens Akademikerne har en egen avtale. Partene har n\u00e5 kommet frem til&hellip;<a href=\"https:\/\/parat.w.uib.no\/?p=616\" class=\"more-link\">Continue reading <span class=\"screen-reader-text\">Frist for lokale l\u00f8nnsforhandlinger 2016<\/span><\/a><\/p>\n","protected":false},"author":2802,"featured_media":0,"comment_status":"closed","ping_status":"closed","sticky":false,"template":"","format":"standard","meta":{"footnotes":""},"categories":[44580],"tags":[],"class_list":["post-616","post","type-post","status-publish","format-standard","hentry","category-lokale-lonnsforhandlinger-2016"],"_links":{"self":[{"href":"https:\/\/parat.w.uib.no\/index.php?rest_route=\/wp\/v2\/posts\/616","targetHints":{"allow":["GET"]}}],"collection":[{"href":"https:\/\/parat.w.uib.no\/index.php?rest_route=\/wp\/v2\/posts"}],"about":[{"href":"https:\/\/parat.w.uib.no\/index.php?rest_route=\/wp\/v2\/types\/post"}],"author":[{"embeddable":true,"href":"https:\/\/parat.w.uib.no\/index.php?rest_route=\/wp\/v2\/users\/2802"}],"replies":[{"embeddable":true,"href":"https:\/\/parat.w.uib.no\/index.php?rest_route=%2Fwp%2Fv2%2Fcomments&post=616"}],"version-history":[{"count":2,"href":"https:\/\/parat.w.uib.no\/index.php?rest_route=\/wp\/v2\/posts\/616\/revisions"}],"predecessor-version":[{"id":619,"href":"https:\/\/parat.w.uib.no\/index.php?rest_route=\/wp\/v2\/posts\/616\/revisions\/619"}],"wp:attachment":[{"href":"https:\/\/parat.w.uib.no\/index.php?rest_route=%2Fwp%2Fv2%2Fmedia&parent=616"}],"wp:term":[{"taxonomy":"category","embeddable":true,"href":"https:\/\/parat.w.uib.no\/index.php?rest_route=%2Fwp%2Fv2%2Fcategories&post=616"},{"taxonomy":"post_tag","embeddable":true,"href":"https:\/\/parat.w.uib.no\/index.php?rest_route=%2Fwp%2Fv2%2Ftags&post=616"}],"curies":[{"name":"wp","href":"https:\/\/api.w.org\/{rel}","templated":true}]}}