{"id":598,"date":"2016-05-25T12:07:53","date_gmt":"2016-05-25T12:07:53","guid":{"rendered":"http:\/\/parat.w.uib.no\/?p=598"},"modified":"2016-05-25T12:10:43","modified_gmt":"2016-05-25T12:10:43","slug":"parat-uib-er-ikke-tatt-ut-i-en-eventuell-streik","status":"publish","type":"post","link":"https:\/\/parat.w.uib.no\/?p=598","title":{"rendered":"Eventuell streik"},"content":{"rendered":"<h6><strong>Medlemmer ved Parat UiB er ikke tatt ut ved en eventuell streik.<\/strong><\/h6>\n<h6>Fengsler tas ut hvis eventuell streik i staten trappes opp<br \/>\n25.5.2016<\/h6>\n<div class=\"ingress\">&#8211; Vi har varslet ytterligere plassfratredelse for medlemmer ved fengslene og tollere ved Oslo havn, opplyser P\u00e5l N. Arnesen, leder for YS Stat. Natt til torsdag er det frist i meklingen i l\u00f8nnsoppgj\u00f8ret i staten. Kommer ikke partene til enighet iverksettes streik fra arbeidstidens begynnelse torsdag 26. mai.<\/div>\n<p><img decoding=\"async\" src=\"http:\/\/ys.no\/kunder\/ys\/mm.nsf\/lupgraphics\/Paal%20ArnesenWeb.jpg\/$file\/Paal%20ArnesenWeb.jpg\" alt=\"document image 1\" border=\"0\" \/><\/p>\n<div class=\"hideditor\">\n<p>YS Stat har tidligere varslet at medlemmer i departementene og i tolletaten vil bli tatt ut i en eventuell streik.I dag varslet YS Stat om plassfratredelse for ytterligere 75 medlemmer, tilknyttet Norsk tollerforbund og Kriminalomsorgens yrkesforbund. Medlemmer ved disse arbeidsstedene vil bli tatt ut i en eventuell streik fra kl 06.00 mandag 30. mai.<\/p>\n<p>LO Stat og Unio, som er de to andre hovedsammenslutningene p\u00e5 arbeidstakersiden, har varslet egne uttak.<\/p>\n<p><strong>Dette er streikeuttaket i YS Stat<\/strong><\/p>\n<p><strong><u>Tas ut 26. juni klokken 06.00:<\/u><\/strong><br \/>\nDepartementene i Oslo: 228 personer<\/p>\n<p><strong><u>Tas ut 28. juni klokken 06.00:<\/u><\/strong><br \/>\nTolletaten Gardermoen: 43<br \/>\nTolletaten:Oslo: 1<br \/>\nTolletaten Kongsvinger: 1<br \/>\nTotalt 45 personer<\/p>\n<p><strong><u>Tas ut 30. juni klokken 06.00:<\/u><\/strong><br \/>\nTolletaten Oslo havn: 36<br \/>\nTolletaten Gardermoen: 1<\/p>\n<p>Kriminalomsorgen:<br \/>\nBj\u00f8rgvin fengsel: 32<br \/>\nBergen fengsel: 1<br \/>\n\u00c5na fengsel: 1<br \/>\nDrammen fengsel: 1<br \/>\nUllersmo fengsel: 1<br \/>\nBast\u00f8y fengsel: 1<br \/>\nOslo fengsel: 1<\/p>\n<\/div>\n","protected":false},"excerpt":{"rendered":"<p>Medlemmer ved Parat UiB er ikke tatt ut ved en eventuell streik. Fengsler tas ut hvis eventuell streik i staten trappes opp 25.5.2016 &#8211; Vi har varslet ytterligere plassfratredelse for medlemmer ved fengslene og tollere ved Oslo havn, opplyser P\u00e5l N. Arnesen, leder for YS Stat. Natt til torsdag er det frist i meklingen i&hellip;<a href=\"https:\/\/parat.w.uib.no\/?p=598\" class=\"more-link\">Continue reading <span class=\"screen-reader-text\">Eventuell streik<\/span><\/a><\/p>\n","protected":false},"author":2802,"featured_media":0,"comment_status":"closed","ping_status":"closed","sticky":false,"template":"","format":"standard","meta":{"footnotes":""},"categories":[42],"tags":[],"class_list":["post-598","post","type-post","status-publish","format-standard","hentry","category-diverse"],"_links":{"self":[{"href":"https:\/\/parat.w.uib.no\/index.php?rest_route=\/wp\/v2\/posts\/598","targetHints":{"allow":["GET"]}}],"collection":[{"href":"https:\/\/parat.w.uib.no\/index.php?rest_route=\/wp\/v2\/posts"}],"about":[{"href":"https:\/\/parat.w.uib.no\/index.php?rest_route=\/wp\/v2\/types\/post"}],"author":[{"embeddable":true,"href":"https:\/\/parat.w.uib.no\/index.php?rest_route=\/wp\/v2\/users\/2802"}],"replies":[{"embeddable":true,"href":"https:\/\/parat.w.uib.no\/index.php?rest_route=%2Fwp%2Fv2%2Fcomments&post=598"}],"version-history":[{"count":6,"href":"https:\/\/parat.w.uib.no\/index.php?rest_route=\/wp\/v2\/posts\/598\/revisions"}],"predecessor-version":[{"id":604,"href":"https:\/\/parat.w.uib.no\/index.php?rest_route=\/wp\/v2\/posts\/598\/revisions\/604"}],"wp:attachment":[{"href":"https:\/\/parat.w.uib.no\/index.php?rest_route=%2Fwp%2Fv2%2Fmedia&parent=598"}],"wp:term":[{"taxonomy":"category","embeddable":true,"href":"https:\/\/parat.w.uib.no\/index.php?rest_route=%2Fwp%2Fv2%2Fcategories&post=598"},{"taxonomy":"post_tag","embeddable":true,"href":"https:\/\/parat.w.uib.no\/index.php?rest_route=%2Fwp%2Fv2%2Ftags&post=598"}],"curies":[{"name":"wp","href":"https:\/\/api.w.org\/{rel}","templated":true}]}}