{"id":593,"date":"2016-05-23T11:39:20","date_gmt":"2016-05-23T11:39:20","guid":{"rendered":"http:\/\/parat.w.uib.no\/?p=593"},"modified":"2016-05-23T11:39:20","modified_gmt":"2016-05-23T11:39:20","slug":"innspurten-i-meklingen-i-statsoppgjoret","status":"publish","type":"post","link":"https:\/\/parat.w.uib.no\/?p=593","title":{"rendered":"Innspurten i meklingen i statsoppgj\u00f8ret"},"content":{"rendered":"<p class=\"font_8\">Innspurten i meklingen i statsoppgj\u00f8ret startet\u00a0hos Riksmekleren klokken 10 i dag mandag. YS Stat-leder P\u00e5l N. Arnesen er spent p\u00e5 utfallet av meklingen.<br \/>\n<img loading=\"lazy\" decoding=\"async\" id=\"innercomp_txtMediahwpimgimage\" class=\"\" src=\"https:\/\/static.wixstatic.com\/media\/2ef1d4_26e6e43dea25468088b95de389e79e25%7Emv2_d_3008_2000_s_2.jpg\/v1\/fill\/w_945,h_628,al_c,q_85,usm_0.66_1.00_0.01\/2ef1d4_26e6e43dea25468088b95de389e79e25%7Emv2_d_3008_2000_s_2.jpg\" alt=\"\" width=\"259\" height=\"175\" \/><\/p>\n<p class=\"font_8\">\u00a0\u2013 Jeg er meget spent f\u00f8r innspurten, s\u00e6rlig n\u00e5r det gjelder de to sentrale punktene som gjelder fordeling av ramma og pensjon. Det er dette jeg ser som de to store utfordringene, sier P\u00e5l N. Arnesen.<\/p>\n<p class=\"font_8\">Han forteller at forhandlingsdelegasjonen fra YS Stat stiller med stor meklingsvilje.<\/p>\n<p class=\"font_8\">\u2013 Jeg regner med at vi f\u00e5r nok \u00e5 bryne oss p\u00e5 de n\u00e6rmeste dagene. Et sp\u00f8rsm\u00e5l er hvor bindende det vil v\u00e6re for innspurten at staten allerede har inng\u00e5tt en tariffavtale med akademikerne, sier Arnesen.<\/p>\n<p>Hele delegasjonen fra YS Stat m\u00f8tes mandag klokken 10.00 hos Riksmekleren i Grensen i Oslo. Meklingsfristen er midnatt natt til torsdag 26. mai. Blir partene ikke enige hos Riksmekleren, blir det streik i staten fra arbeidstidens begynnelse torsdag 26. mai.<\/p>\n","protected":false},"excerpt":{"rendered":"<p>Innspurten i meklingen i statsoppgj\u00f8ret startet\u00a0hos Riksmekleren klokken 10 i dag mandag. YS Stat-leder P\u00e5l N. Arnesen er spent p\u00e5 utfallet av meklingen. \u00a0\u2013 Jeg er meget spent f\u00f8r innspurten, s\u00e6rlig n\u00e5r det gjelder de to sentrale punktene som gjelder fordeling av ramma og pensjon. Det er dette jeg ser som de to store utfordringene,&hellip;<a href=\"https:\/\/parat.w.uib.no\/?p=593\" class=\"more-link\">Continue reading <span class=\"screen-reader-text\">Innspurten i meklingen i statsoppgj\u00f8ret<\/span><\/a><\/p>\n","protected":false},"author":2802,"featured_media":0,"comment_status":"closed","ping_status":"closed","sticky":false,"template":"","format":"standard","meta":{"footnotes":""},"categories":[42],"tags":[],"class_list":["post-593","post","type-post","status-publish","format-standard","hentry","category-diverse"],"_links":{"self":[{"href":"https:\/\/parat.w.uib.no\/index.php?rest_route=\/wp\/v2\/posts\/593","targetHints":{"allow":["GET"]}}],"collection":[{"href":"https:\/\/parat.w.uib.no\/index.php?rest_route=\/wp\/v2\/posts"}],"about":[{"href":"https:\/\/parat.w.uib.no\/index.php?rest_route=\/wp\/v2\/types\/post"}],"author":[{"embeddable":true,"href":"https:\/\/parat.w.uib.no\/index.php?rest_route=\/wp\/v2\/users\/2802"}],"replies":[{"embeddable":true,"href":"https:\/\/parat.w.uib.no\/index.php?rest_route=%2Fwp%2Fv2%2Fcomments&post=593"}],"version-history":[{"count":1,"href":"https:\/\/parat.w.uib.no\/index.php?rest_route=\/wp\/v2\/posts\/593\/revisions"}],"predecessor-version":[{"id":594,"href":"https:\/\/parat.w.uib.no\/index.php?rest_route=\/wp\/v2\/posts\/593\/revisions\/594"}],"wp:attachment":[{"href":"https:\/\/parat.w.uib.no\/index.php?rest_route=%2Fwp%2Fv2%2Fmedia&parent=593"}],"wp:term":[{"taxonomy":"category","embeddable":true,"href":"https:\/\/parat.w.uib.no\/index.php?rest_route=%2Fwp%2Fv2%2Fcategories&post=593"},{"taxonomy":"post_tag","embeddable":true,"href":"https:\/\/parat.w.uib.no\/index.php?rest_route=%2Fwp%2Fv2%2Ftags&post=593"}],"curies":[{"name":"wp","href":"https:\/\/api.w.org\/{rel}","templated":true}]}}