{"id":586,"date":"2016-05-11T06:25:29","date_gmt":"2016-05-11T06:25:29","guid":{"rendered":"http:\/\/parat.w.uib.no\/?p=586"},"modified":"2016-05-11T06:25:29","modified_gmt":"2016-05-11T06:25:29","slug":"meklingen-i-gang-i-staten","status":"publish","type":"post","link":"https:\/\/parat.w.uib.no\/?p=586","title":{"rendered":"Meklingen i gang i staten"},"content":{"rendered":"<p>Det er en dr\u00f8y uke siden YS Stat, Unio Stat og LO Stat vi br\u00f8t tariffforhandlingene med staten, og mandag kom meklingen hos Riksmekleren i gang for alvor.<br \/>\n&#8211; I forhandlingene fikk vi ikke noe akseptabelt tilbud p\u00e5 fordeling av \u00f8konomi, eller opprettholdelse av den lokale forhandlingsretten, i tillegg til at vi ikke ble enige om det store temaet pensjon. Alle disse tre temaene er med oss inn i meklingen og ligger n\u00e5 p\u00e5 riksmeklers bord, sier YS Stat-leder P\u00e5l N. Arnesen, som er optimist n\u00e5r det gjelder meklingen.<\/p>\n<p>&#8211; Jeg har tro p\u00e5 at riksmekleren greier \u00e5 ro dette i havn, slik at vi f\u00e5r en god avtale for medlemmene n\u00e5r vi kommer til slutten av meklingen, sier han.<\/p>\n<p>Fristen er natt til 26. mai. Kommer man ikke fram til et resultat da, er det fare for streik fra arbeidstidens start 26. mai.<\/p>\n","protected":false},"excerpt":{"rendered":"<p>Det er en dr\u00f8y uke siden YS Stat, Unio Stat og LO Stat vi br\u00f8t tariffforhandlingene med staten, og mandag kom meklingen hos Riksmekleren i gang for alvor. &#8211; I forhandlingene fikk vi ikke noe akseptabelt tilbud p\u00e5 fordeling av \u00f8konomi, eller opprettholdelse av den lokale forhandlingsretten, i tillegg til at vi ikke ble enige&hellip;<a href=\"https:\/\/parat.w.uib.no\/?p=586\" class=\"more-link\">Continue reading <span class=\"screen-reader-text\">Meklingen i gang i staten<\/span><\/a><\/p>\n","protected":false},"author":2802,"featured_media":0,"comment_status":"closed","ping_status":"closed","sticky":false,"template":"","format":"standard","meta":{"footnotes":""},"categories":[42],"tags":[],"class_list":["post-586","post","type-post","status-publish","format-standard","hentry","category-diverse"],"_links":{"self":[{"href":"https:\/\/parat.w.uib.no\/index.php?rest_route=\/wp\/v2\/posts\/586","targetHints":{"allow":["GET"]}}],"collection":[{"href":"https:\/\/parat.w.uib.no\/index.php?rest_route=\/wp\/v2\/posts"}],"about":[{"href":"https:\/\/parat.w.uib.no\/index.php?rest_route=\/wp\/v2\/types\/post"}],"author":[{"embeddable":true,"href":"https:\/\/parat.w.uib.no\/index.php?rest_route=\/wp\/v2\/users\/2802"}],"replies":[{"embeddable":true,"href":"https:\/\/parat.w.uib.no\/index.php?rest_route=%2Fwp%2Fv2%2Fcomments&post=586"}],"version-history":[{"count":1,"href":"https:\/\/parat.w.uib.no\/index.php?rest_route=\/wp\/v2\/posts\/586\/revisions"}],"predecessor-version":[{"id":587,"href":"https:\/\/parat.w.uib.no\/index.php?rest_route=\/wp\/v2\/posts\/586\/revisions\/587"}],"wp:attachment":[{"href":"https:\/\/parat.w.uib.no\/index.php?rest_route=%2Fwp%2Fv2%2Fmedia&parent=586"}],"wp:term":[{"taxonomy":"category","embeddable":true,"href":"https:\/\/parat.w.uib.no\/index.php?rest_route=%2Fwp%2Fv2%2Fcategories&post=586"},{"taxonomy":"post_tag","embeddable":true,"href":"https:\/\/parat.w.uib.no\/index.php?rest_route=%2Fwp%2Fv2%2Ftags&post=586"}],"curies":[{"name":"wp","href":"https:\/\/api.w.org\/{rel}","templated":true}]}}