{"id":582,"date":"2016-05-04T12:27:53","date_gmt":"2016-05-04T12:27:53","guid":{"rendered":"http:\/\/parat.w.uib.no\/?p=582"},"modified":"2016-05-04T12:29:43","modified_gmt":"2016-05-04T12:29:43","slug":"brudd-i-forhandlinger-om-ny-tjenestepensjon","status":"publish","type":"post","link":"https:\/\/parat.w.uib.no\/?p=582","title":{"rendered":"Brudd i forhandlinger om ny tjenestepensjon"},"content":{"rendered":"<p>Forhandlingene om ny offentlig tjenestepensjon har brutt sammen<br \/>\nForhandlingene mellom arbeidstakerorganisasjonene og Arbeids- og sosialdepartementet br\u00f8t sammen i dag formiddag 3. mai.<\/p>\n<p>\u00c5rsaken til sammenbruddet var at statsr\u00e5d Anniken Hauglie ikke ville forhandle p\u00e5 vanlig m\u00e5te med arbeidstakerorganisasjonene om en endret tjenestepensjonsordning i offentlig sektor. Det betyr at arbeidstakerne ikke gis anledning til \u00e5 ta stilling til en ny l\u00f8sning for fremtidens pensjonsordning gjennom for eksempel en uravstemning.<\/p>\n<p>Arbeidstakerorganisasjonene beklager at statsr\u00e5d Hauglie ikke har villet f\u00f8lge arbeidslivets ordin\u00e6re spilleregler for hvordan ting avtales, nemlig gjennom tariffoppgj\u00f8rene. Vi var langt p\u00e5 vei enige om behovet for \u00e5 se n\u00e6rmere p\u00e5 offentlig tjenestepensjon. Vi var ogs\u00e5 langt p\u00e5 vei enige om viktige prinsipper for en ny ordning. Det man til slutt ikke greide \u00e5 enes om var hvordan prosessen skulle avsluttes.<\/p>\n<p>Det er oppsiktsvekkende at regjeringen velger \u00e5 la forhandlingene bryte sammen p\u00e5 dette grunnlaget. Det arbeidstakerne krever er n\u00f8yaktig samme prosess og prosedyre som det var enighet om i 2008\/2009. Det er ogs\u00e5 helt i tr\u00e5d med Stortingets pensjonsforlik av 2005 som sier at den endelige tilpasningen skal skje gjennom forhandlinger mellom partene i offentlig sektor, mener LO, Unio, YS og Akademikerne.<\/p>\n<p>Sammenbruddet inneb\u00e6rer at det ikke blir endringer av tjenestepensjonsordningen for ansatte i offentlig sektor denne tariffperioden.<\/p>\n","protected":false},"excerpt":{"rendered":"<p>Forhandlingene om ny offentlig tjenestepensjon har brutt sammen Forhandlingene mellom arbeidstakerorganisasjonene og Arbeids- og sosialdepartementet br\u00f8t sammen i dag formiddag 3. mai. \u00c5rsaken til sammenbruddet var at statsr\u00e5d Anniken Hauglie ikke ville forhandle p\u00e5 vanlig m\u00e5te med arbeidstakerorganisasjonene om en endret tjenestepensjonsordning i offentlig sektor. Det betyr at arbeidstakerne ikke gis anledning til \u00e5 ta&hellip;<a href=\"https:\/\/parat.w.uib.no\/?p=582\" class=\"more-link\">Continue reading <span class=\"screen-reader-text\">Brudd i forhandlinger om ny tjenestepensjon<\/span><\/a><\/p>\n","protected":false},"author":2802,"featured_media":0,"comment_status":"closed","ping_status":"closed","sticky":false,"template":"","format":"standard","meta":{"footnotes":""},"categories":[42],"tags":[],"class_list":["post-582","post","type-post","status-publish","format-standard","hentry","category-diverse"],"_links":{"self":[{"href":"https:\/\/parat.w.uib.no\/index.php?rest_route=\/wp\/v2\/posts\/582","targetHints":{"allow":["GET"]}}],"collection":[{"href":"https:\/\/parat.w.uib.no\/index.php?rest_route=\/wp\/v2\/posts"}],"about":[{"href":"https:\/\/parat.w.uib.no\/index.php?rest_route=\/wp\/v2\/types\/post"}],"author":[{"embeddable":true,"href":"https:\/\/parat.w.uib.no\/index.php?rest_route=\/wp\/v2\/users\/2802"}],"replies":[{"embeddable":true,"href":"https:\/\/parat.w.uib.no\/index.php?rest_route=%2Fwp%2Fv2%2Fcomments&post=582"}],"version-history":[{"count":2,"href":"https:\/\/parat.w.uib.no\/index.php?rest_route=\/wp\/v2\/posts\/582\/revisions"}],"predecessor-version":[{"id":584,"href":"https:\/\/parat.w.uib.no\/index.php?rest_route=\/wp\/v2\/posts\/582\/revisions\/584"}],"wp:attachment":[{"href":"https:\/\/parat.w.uib.no\/index.php?rest_route=%2Fwp%2Fv2%2Fmedia&parent=582"}],"wp:term":[{"taxonomy":"category","embeddable":true,"href":"https:\/\/parat.w.uib.no\/index.php?rest_route=%2Fwp%2Fv2%2Fcategories&post=582"},{"taxonomy":"post_tag","embeddable":true,"href":"https:\/\/parat.w.uib.no\/index.php?rest_route=%2Fwp%2Fv2%2Ftags&post=582"}],"curies":[{"name":"wp","href":"https:\/\/api.w.org\/{rel}","templated":true}]}}