{"id":571,"date":"2016-05-01T06:58:52","date_gmt":"2016-05-01T06:58:52","guid":{"rendered":"http:\/\/parat.w.uib.no\/?p=571"},"modified":"2016-05-01T07:24:04","modified_gmt":"2016-05-01T07:24:04","slug":"brudd-i-statsoppgjoret","status":"publish","type":"post","link":"https:\/\/parat.w.uib.no\/?p=571","title":{"rendered":"Brudd i statsoppgj\u00f8ret"},"content":{"rendered":"<p>YRKESORGANISASJONENES SENTRALFORBUND<\/p>\n<p>Pressemelding 1. mai 2016<br \/>\nTariffoppgj\u00f8ret i staten: Brudd mellom staten og YS Stat Det er brudd i tarifforhandlingene mellom staten og YS Stat. \u2013 Staten var ikke villig til \u00e5 im\u00f8tekomme oss n\u00e5r det gjelder generell l\u00f8nns\u00f8kning for alle. Vi fikk heller ikke gjennomslag for streikerett p\u00e5 pensjon, sier leder for YS Stat P\u00e5l N. Arnesen.<br \/>\nEtter intense forhandlinger l\u00f8rdag kveld og natt til s\u00f8ndag ble det klart at brudd var uunng\u00e5elig for YS Stat. Unio og LO har ogs\u00e5 brutt forhandlingene, mens Akademikerne kom til enighet med staten.<br \/>\n&#8211; Vi har strukket oss langt for \u00e5 finne en forhandlingsl\u00f8sning, men v\u00e5re krav har blitt kontant avvist av staten. Dermed hadde vi ikke noe annet valg enn \u00e5 g\u00e5 til brudd, sier P\u00e5l N. Arnesen.<br \/>\n&#8211; Selv om den \u00f8konomiske rammen vi er blitt enige om er i tr\u00e5d med frontfaget, er statens forslag til fordeling mellom sentrale og lokale l\u00f8nnstillegg uakseptabelt for oss, sier han<br \/>\nOppgj\u00f8ret g\u00e5r n\u00e5 til mekling hos Riksmekleren.<\/p>\n<p><strong>Partene er enige om meklingsfrist 25. mai.<\/strong><\/p>\n<p>Det er brudd i statsoppgj\u00f8ret:<a href=\"http:\/\/parat.w.uib.no\/files\/2016\/05\/01mai16-tariffinfo-statlig-oppgj\u00f8r.pdf\" target=\"_blank\"> Les mer&#8230;.<\/a>\u00a0\u00a0\u00a0 <a href=\"http:\/\/www.l\u00f8nn2016.no\/#!Brudd-mellom-staten-og-YS-Stat\/dgnha\/57255ced0cf228a96f17a11a\" target=\"_blank\">og p\u00e5 YS sine sider <\/a><\/p>\n","protected":false},"excerpt":{"rendered":"<p>YRKESORGANISASJONENES SENTRALFORBUND Pressemelding 1. mai 2016 Tariffoppgj\u00f8ret i staten: Brudd mellom staten og YS Stat Det er brudd i tarifforhandlingene mellom staten og YS Stat. \u2013 Staten var ikke villig til \u00e5 im\u00f8tekomme oss n\u00e5r det gjelder generell l\u00f8nns\u00f8kning for alle. Vi fikk heller ikke gjennomslag for streikerett p\u00e5 pensjon, sier leder for YS Stat&hellip;<a href=\"https:\/\/parat.w.uib.no\/?p=571\" class=\"more-link\">Continue reading <span class=\"screen-reader-text\">Brudd i statsoppgj\u00f8ret<\/span><\/a><\/p>\n","protected":false},"author":2802,"featured_media":0,"comment_status":"closed","ping_status":"closed","sticky":false,"template":"","format":"standard","meta":{"footnotes":""},"categories":[44578],"tags":[],"class_list":["post-571","post","type-post","status-publish","format-standard","hentry","category-lonnsforhandlinger-2016"],"_links":{"self":[{"href":"https:\/\/parat.w.uib.no\/index.php?rest_route=\/wp\/v2\/posts\/571","targetHints":{"allow":["GET"]}}],"collection":[{"href":"https:\/\/parat.w.uib.no\/index.php?rest_route=\/wp\/v2\/posts"}],"about":[{"href":"https:\/\/parat.w.uib.no\/index.php?rest_route=\/wp\/v2\/types\/post"}],"author":[{"embeddable":true,"href":"https:\/\/parat.w.uib.no\/index.php?rest_route=\/wp\/v2\/users\/2802"}],"replies":[{"embeddable":true,"href":"https:\/\/parat.w.uib.no\/index.php?rest_route=%2Fwp%2Fv2%2Fcomments&post=571"}],"version-history":[{"count":7,"href":"https:\/\/parat.w.uib.no\/index.php?rest_route=\/wp\/v2\/posts\/571\/revisions"}],"predecessor-version":[{"id":580,"href":"https:\/\/parat.w.uib.no\/index.php?rest_route=\/wp\/v2\/posts\/571\/revisions\/580"}],"wp:attachment":[{"href":"https:\/\/parat.w.uib.no\/index.php?rest_route=%2Fwp%2Fv2%2Fmedia&parent=571"}],"wp:term":[{"taxonomy":"category","embeddable":true,"href":"https:\/\/parat.w.uib.no\/index.php?rest_route=%2Fwp%2Fv2%2Fcategories&post=571"},{"taxonomy":"post_tag","embeddable":true,"href":"https:\/\/parat.w.uib.no\/index.php?rest_route=%2Fwp%2Fv2%2Ftags&post=571"}],"curies":[{"name":"wp","href":"https:\/\/api.w.org\/{rel}","templated":true}]}}