{"id":444,"date":"2016-02-23T10:41:47","date_gmt":"2016-02-23T10:41:47","guid":{"rendered":"http:\/\/parat.w.uib.no\/?p=444"},"modified":"2016-04-20T10:44:00","modified_gmt":"2016-04-20T10:44:00","slug":"444","status":"publish","type":"post","link":"https:\/\/parat.w.uib.no\/?p=444","title":{"rendered":"Tariffoppgj\u00f8ret 2016"},"content":{"rendered":"<p style=\"text-align: left\"><a href=\"http:\/\/www.l\u00f8nn2016.no\/\"><img loading=\"lazy\" decoding=\"async\" class=\"alignnone wp-image-515\" src=\"http:\/\/parat.w.uib.no\/files\/2016\/02\/L\u00f8nn-2016-300x273.gif\" alt=\"L\u00f8nn 2016\" width=\"198\" height=\"181\" \/><\/a><\/p>\n<p><a href=\"http:\/\/parat.w.uib.no\/files\/2016\/04\/Krav-1-YS-Stat-120416.pdf\">KRAV 1 Hovedforhandlinger YS 2016<\/a><br \/>\n<a href=\"http:\/\/parat.w.uib.no\/files\/2016\/04\/Krav-2-YS-2016.pdf\">KRAV 2 Hovedforhandlinger YS 2016<\/a><\/p>\n<p>12.04.2016<\/p>\n<h3>Start p\u00e5 l\u00f8nnsoppgj\u00f8ret i kommune og stat<\/h3>\n<div class=\"newarticle_info\">\n<h5>Tirsdag starter l\u00f8nnsoppgj\u00f8ret for ansatte i offentlig sektor. For ansatte i stat og kommune er det hovedorganisasjonene YS, LO, Unio og Akademikerne som forhandler med henholdsvis Kommunal- og moderniseringsdepartementet og KS.<\/h5>\n<p>Frist for partene til \u00e5 bli enige i \u00e5rets oppgj\u00f8r er l\u00f8rdag 30. april klokken 24.00. Det er YS som forhandler p\u00e5 vegne av Parat (og de andre YS-forbundene) i tariffoppgj\u00f8rene for staten, men Parats forhandlere er representert i dette YS-arbeidet. If\u00f8lge spesialr\u00e5dgiver i Parat, Odd Jenvin, vil resultatet fra frontfaget, legge avgj\u00f8rende rammer for oppgj\u00f8ret i stat og kommune.<\/p>\n<p><strong>Statsoppgj\u00f8ret<\/strong><br \/>\nIf\u00f8lge Jenvin vil offentlig tjenestepensjon blir et tema i \u00e5rets statsoppgj\u00f8r. Det er fortsatt uklart i hvilken form og p\u00e5 hvilket niv\u00e5 pensjon vil kunne bli et tema.<br \/>\n\u2013 Fra Parats side vil det bli fremmet krav om at man i dette oppgj\u00f8ret som et minimum blir enige om overordnede rammer og prinsipper for fremtidig tjenestepensjon i staten.<\/p>\n<p>L\u00f8nnsstatistikk for ansatte i staten har if\u00f8lge Jenvin frem til nylig blitt registrert i Statens sentrale tjenesteregister (SST). Kommunal- og moderniseringsdepartementet har n\u00e5 besluttet at SST ikke lenger vil bli oppdatert, og at man i stedet vil benytte l\u00f8nnsstatistikk som er rapportert inn til Arbeidsgiver- og arbeidstakerregisteret (Aa-registeret). Aa-registeret er det sentrale grunndataregisteret som viser tilknytningen mellom arbeidstaker og arbeidsgiver i Norge.<br \/>\n\u2013 Problemet er at Aa-registeret ikke samsvarer med statens l\u00f8nnssystem. Det blir for eksempel ikke mulig \u00e5 f\u00e5 anslag p\u00e5 hvor mye det vil koste \u00e5 gi ett l\u00f8nnstrinn til alle i stillingskode 1408 f\u00f8rstekonsulent, fordi ansatte i denne stillingskoden er kategorisert p\u00e5 en annen m\u00e5te i Aa-registeret enn de var i statens sentrale tjenesteregister, noe som vil medf\u00f8re store utfordringer med \u00e5 beregne den samlede kostnaden ved et l\u00f8nnsoppgj\u00f8r, sier Jenvin.<\/p>\n<p>Etter l\u00f8nnsoppgj\u00f8ret i 2014 ble partene enige om at Statistikk- og beregningsutvalget i staten skulle vurdere ordningen med avsetning til resirkulerte midler. Med resirkulerte midler mener man de midlene som frigj\u00f8res som f\u00f8lge av at ansatte slutter, og at nytilsatte arbeidstakere f\u00e5r lavere l\u00f8nn er forgjengeren.<br \/>\n\u2013 Dersom det samlede regnskapet over skifte av arbeidstakere viser overskudd, skal disse midlene tilf\u00f8res de lokale forhandlingene. Staten og arbeidstakerpartene har imidlertid ikke kommet til enighet verken om hvordan st\u00f8rrelsen p\u00e5 de resirkulerte midlene skal beregnes, eller om hvordan de skal fordeles, sier Jenvin.<\/p>\n<\/div>\n<p>23.02.2016<\/p>\n<p><span style=\"font-size: medium\">\u00c5rets oppgj\u00f8r er et hovedoppgj\u00f8r. Det betyr at partene kan forhandle om alle bestemmelsene i tariffavtalene og hovedtariffavtalene; ikke bare om kroner og \u00f8re. <\/span><span style=\"font-size: medium\">Hensikten er \u00e5 fornye tariffavtalene for en periode p\u00e5 normalt 2 \u00e5r med de endringer som det kan oppn\u00e5s enighet om.<\/span><\/p>\n<p><a href=\"http:\/\/parat.w.uib.no\/files\/2016\/02\/Parats_tariffpolitiske_dokument_for_2016_F1-Rg.pdf\" rel=\"\">Parats_tariffpolitiske_dokument<\/a><br \/>\n<a href=\"https:\/\/www.regjeringen.no\/no\/aktuelt\/tbu-forelopig-rapport-2016\/id2476611\/\" target=\"_blank\">TBU forel\u00f8pig rapport<\/a><\/p>\n","protected":false},"excerpt":{"rendered":"<p>KRAV 1 Hovedforhandlinger YS 2016 KRAV 2 Hovedforhandlinger YS 2016 12.04.2016 Start p\u00e5 l\u00f8nnsoppgj\u00f8ret i kommune og stat Tirsdag starter l\u00f8nnsoppgj\u00f8ret for ansatte i offentlig sektor. For ansatte i stat og kommune er det hovedorganisasjonene YS, LO, Unio og Akademikerne som forhandler med henholdsvis Kommunal- og moderniseringsdepartementet og KS. Frist for partene til \u00e5 bli&hellip;<a href=\"https:\/\/parat.w.uib.no\/?p=444\" class=\"more-link\">Continue reading <span class=\"screen-reader-text\">Tariffoppgj\u00f8ret 2016<\/span><\/a><\/p>\n","protected":false},"author":2802,"featured_media":0,"comment_status":"closed","ping_status":"closed","sticky":false,"template":"","format":"standard","meta":{"footnotes":""},"categories":[44578],"tags":[],"class_list":["post-444","post","type-post","status-publish","format-standard","hentry","category-lonnsforhandlinger-2016"],"_links":{"self":[{"href":"https:\/\/parat.w.uib.no\/index.php?rest_route=\/wp\/v2\/posts\/444","targetHints":{"allow":["GET"]}}],"collection":[{"href":"https:\/\/parat.w.uib.no\/index.php?rest_route=\/wp\/v2\/posts"}],"about":[{"href":"https:\/\/parat.w.uib.no\/index.php?rest_route=\/wp\/v2\/types\/post"}],"author":[{"embeddable":true,"href":"https:\/\/parat.w.uib.no\/index.php?rest_route=\/wp\/v2\/users\/2802"}],"replies":[{"embeddable":true,"href":"https:\/\/parat.w.uib.no\/index.php?rest_route=%2Fwp%2Fv2%2Fcomments&post=444"}],"version-history":[{"count":8,"href":"https:\/\/parat.w.uib.no\/index.php?rest_route=\/wp\/v2\/posts\/444\/revisions"}],"predecessor-version":[{"id":552,"href":"https:\/\/parat.w.uib.no\/index.php?rest_route=\/wp\/v2\/posts\/444\/revisions\/552"}],"wp:attachment":[{"href":"https:\/\/parat.w.uib.no\/index.php?rest_route=%2Fwp%2Fv2%2Fmedia&parent=444"}],"wp:term":[{"taxonomy":"category","embeddable":true,"href":"https:\/\/parat.w.uib.no\/index.php?rest_route=%2Fwp%2Fv2%2Fcategories&post=444"},{"taxonomy":"post_tag","embeddable":true,"href":"https:\/\/parat.w.uib.no\/index.php?rest_route=%2Fwp%2Fv2%2Ftags&post=444"}],"curies":[{"name":"wp","href":"https:\/\/api.w.org\/{rel}","templated":true}]}}