{"id":424,"date":"2015-10-20T12:56:10","date_gmt":"2015-10-20T12:56:10","guid":{"rendered":"http:\/\/parat.w.uib.no\/?p=424"},"modified":"2015-10-20T12:57:42","modified_gmt":"2015-10-20T12:57:42","slug":"medlemsmote-i-parat-uib","status":"publish","type":"post","link":"https:\/\/parat.w.uib.no\/?p=424","title":{"rendered":"Medlemsm\u00f8te i Parat UiB"},"content":{"rendered":"<p>Kj\u00e6re Parat-medlem<\/p>\n<p>Vi \u00f8nsker velkommen til medlemsm\u00f8te for alle Parats medlemmer ved Universitetet i Bergen onsdag 18. november, kl 15:15. M\u00f8tet holdes i universitetets nye storstue: universitetsaulaen!<\/p>\n<p>Det blir omvisning i universitetsaulaen og Naturhistorisk museum ved \u00c5se Tveitnes, kulturminneansvarlig med ansvar for all brukermedvirkning i museumsprosjektet. Kanskje f\u00e5r vi en titt bak kulissene?<\/p>\n<p>Program<\/p>\n<ul>\n<li>15:15 Velkommen til aulaen v\/hovedtillitsvalgt Randi Heimvik<\/li>\n<li>15:30 Omvisning i unviersitetsaulaen og Naturhistorisk museum ved \u00c5se Tveitnes<\/li>\n<li>17:00 Eksotisk middagsbuffet inkludert drikke p\u00e5 Zafran Restaurant<\/li>\n<\/ul>\n<p>NB: Vi gj\u00f8r oppmerksom p\u00e5 at det ikke vil bli servering f\u00f8r middagsbuffeten, s\u00e5 spis en yoghurt eller en ekstra br\u00f8dskive f\u00f8r du kommer p\u00e5 m\u00f8tet.<\/p>\n<p><strong>Vil du bli med, fyll ut p\u00e5meldingsskjema her: <a href=\"https:\/\/skjemaker.app.uib.no\/view.php?id=1580921\">https:\/\/skjemaker.app.uib.no\/view.php?id=1580921<\/a> <\/strong><\/p>\n<p><strong>\u00a0<u>P\u00e5meldingsfrist fredag 30. oktober<\/u>.<br \/>\n<\/strong><\/p>\n<p><strong>Vi h\u00e5per at DU ogs\u00e5 vil v\u00e6re med!<\/strong><\/p>\n<p>Vennlig hilsen,<\/p>\n<p>Styret i Parat UIB \/ hovedtillitsvalgt Randi Heimvik<\/p>\n","protected":false},"excerpt":{"rendered":"<p>Kj\u00e6re Parat-medlem Vi \u00f8nsker velkommen til medlemsm\u00f8te for alle Parats medlemmer ved Universitetet i Bergen onsdag 18. november, kl 15:15. M\u00f8tet holdes i universitetets nye storstue: universitetsaulaen! Det blir omvisning i universitetsaulaen og Naturhistorisk museum ved \u00c5se Tveitnes, kulturminneansvarlig med ansvar for all brukermedvirkning i museumsprosjektet. Kanskje f\u00e5r vi en titt bak kulissene? Program 15:15&hellip;<a href=\"https:\/\/parat.w.uib.no\/?p=424\" class=\"more-link\">Continue reading <span class=\"screen-reader-text\">Medlemsm\u00f8te i Parat UiB<\/span><\/a><\/p>\n","protected":false},"author":2802,"featured_media":0,"comment_status":"closed","ping_status":"closed","sticky":false,"template":"","format":"standard","meta":{"footnotes":""},"categories":[42],"tags":[],"class_list":["post-424","post","type-post","status-publish","format-standard","hentry","category-diverse"],"_links":{"self":[{"href":"https:\/\/parat.w.uib.no\/index.php?rest_route=\/wp\/v2\/posts\/424","targetHints":{"allow":["GET"]}}],"collection":[{"href":"https:\/\/parat.w.uib.no\/index.php?rest_route=\/wp\/v2\/posts"}],"about":[{"href":"https:\/\/parat.w.uib.no\/index.php?rest_route=\/wp\/v2\/types\/post"}],"author":[{"embeddable":true,"href":"https:\/\/parat.w.uib.no\/index.php?rest_route=\/wp\/v2\/users\/2802"}],"replies":[{"embeddable":true,"href":"https:\/\/parat.w.uib.no\/index.php?rest_route=%2Fwp%2Fv2%2Fcomments&post=424"}],"version-history":[{"count":1,"href":"https:\/\/parat.w.uib.no\/index.php?rest_route=\/wp\/v2\/posts\/424\/revisions"}],"predecessor-version":[{"id":425,"href":"https:\/\/parat.w.uib.no\/index.php?rest_route=\/wp\/v2\/posts\/424\/revisions\/425"}],"wp:attachment":[{"href":"https:\/\/parat.w.uib.no\/index.php?rest_route=%2Fwp%2Fv2%2Fmedia&parent=424"}],"wp:term":[{"taxonomy":"category","embeddable":true,"href":"https:\/\/parat.w.uib.no\/index.php?rest_route=%2Fwp%2Fv2%2Fcategories&post=424"},{"taxonomy":"post_tag","embeddable":true,"href":"https:\/\/parat.w.uib.no\/index.php?rest_route=%2Fwp%2Fv2%2Ftags&post=424"}],"curies":[{"name":"wp","href":"https:\/\/api.w.org\/{rel}","templated":true}]}}