{"id":392,"date":"2015-04-20T12:40:25","date_gmt":"2015-04-20T12:40:25","guid":{"rendered":"http:\/\/parat.w.uib.no\/?p=392"},"modified":"2015-05-04T08:12:54","modified_gmt":"2015-05-04T08:12:54","slug":"sentrale-forhandlinger-2015","status":"publish","type":"post","link":"https:\/\/parat.w.uib.no\/?p=392","title":{"rendered":"Sentrale forhandlinger 2015"},"content":{"rendered":"<h2><span style=\"text-decoration: underline\"><strong>Enighet i statsoppgj\u00f8ret<\/strong><\/span><\/h2>\n<div class=\"newarticle_info\">\n<h5>Det ble natt til torsdag enighet med staten om en ramme p\u00e5 i overkant av 2,7 prosent. Parats forhandler Odd Jenvin er forn\u00f8yd og mener de har kommet frem til en forhandlingsl\u00f8sning som sikrer medlemmene \u00f8kt kj\u00f8pekraft.<\/h5>\n<p>Resultatet ble kr 700,- pr \u00e5r fra l\u00f8nnstrinn 19-39 og\u00a0 0,19 % pr \u00e5r fra l\u00f8nnstrinn 40-101. Samlet ramme ble p\u00e5 i overkant av 2,7 %. Tilleggene gis med virkning fra 1. mai.<br \/>\n\u2013 Resultatet viser ansvarlighet og er i tr\u00e5d med oppgj\u00f8ret i frontfaget. Det er ogs\u00e5 tatt hensyn til lavtl\u00f8nte, sier Jenvin.<\/p>\n<p>Partene ble enige nesten et d\u00f8gn f\u00f8r fristen gikk ut.<br \/>\n\u2013 Det er historisk at vi kom frem til en forhandlingsl\u00f8sning nesten ett d\u00f8gn f\u00f8r fristen g\u00e5r ut. Alle parter har vist forhandlingsvilje, sier leder for YS Stat P\u00e5l N. Arnesen.<\/p>\n<p><a href=\"http:\/\/parat.w.uib.no\/files\/2015\/04\/Tariff-Informasjon.docx\">Tariff informasjon<\/a><br \/>\n<a href=\"http:\/\/parat.w.uib.no\/files\/2015\/04\/Protokoll-L\u00f8nnsoppgj\u00f8ret-2015.pdf\">Protokoll L\u00f8nnsoppgj\u00f8ret 2015<\/a><\/p>\n<p><a title=\"Begreper og tall i l\u00f8nnsoppgj\u00f8r\" href=\"http:\/\/www.arbeidslivet.no\/Lonn\/Tariffavtaler\/Begreper-og-tall-i-lonnsoppgjorene\/\" target=\"_blank\">Begreper og tall i l\u00f8nnsoppgj\u00f8r<\/a><\/p>\n<\/div>\n<p>&nbsp;<\/p>\n<h1><a title=\"YS\" href=\"http:\/\/ys.no\/kunder\/ys\/cms.nsf\/%28$All%29\/1024A6517AF632E7C1257E2D002BFA85\">YS Stat krever st\u00f8rre ramme enn i privat sektor<\/a><\/h1>\n<p>20.4.2015<br \/>\nDe ansatte i staten har en lavere l\u00f8nnsutvikling enn ansatte i privat sektor. Derfor krever vi \u00f8kt ramme i staten utover resultatet fra frontfaget, sier P\u00e5l N. Arnesen, leder i YS Stat. Mandag leverte YS Stat sine krav i \u00e5rets mellomoppgj\u00f8r.\u00a0\u00a0 <a href=\"https:\/\/www.regjeringen.no\/nb\/tema\/arbeidsliv\/Statlig-arbeidsgiverpolitikk\/lonn-og-tariff\/lonnsoppgjoret-2015\/id2406873\/\">Regjeringen<\/a><\/p>\n<div class=\"ingress\"><\/div>\n<div class=\"ingress\">27.04.2015<\/div>\n<div class=\"ingress\"><a href=\"http:\/\/parat.w.uib.no\/files\/2015\/04\/Krav-1-YS-Stat-200415.pdf\">Krav fra YS Stat 2015<\/a><\/div>\n","protected":false},"excerpt":{"rendered":"<p>Enighet i statsoppgj\u00f8ret Det ble natt til torsdag enighet med staten om en ramme p\u00e5 i overkant av 2,7 prosent. Parats forhandler Odd Jenvin er forn\u00f8yd og mener de har kommet frem til en forhandlingsl\u00f8sning som sikrer medlemmene \u00f8kt kj\u00f8pekraft. Resultatet ble kr 700,- pr \u00e5r fra l\u00f8nnstrinn 19-39 og\u00a0 0,19 % pr \u00e5r fra&hellip;<a href=\"https:\/\/parat.w.uib.no\/?p=392\" class=\"more-link\">Continue reading <span class=\"screen-reader-text\">Sentrale forhandlinger 2015<\/span><\/a><\/p>\n","protected":false},"author":2802,"featured_media":0,"comment_status":"closed","ping_status":"closed","sticky":false,"template":"","format":"standard","meta":{"footnotes":""},"categories":[44576],"tags":[],"class_list":["post-392","post","type-post","status-publish","format-standard","hentry","category-lonnsoppgjoret-2015"],"_links":{"self":[{"href":"https:\/\/parat.w.uib.no\/index.php?rest_route=\/wp\/v2\/posts\/392","targetHints":{"allow":["GET"]}}],"collection":[{"href":"https:\/\/parat.w.uib.no\/index.php?rest_route=\/wp\/v2\/posts"}],"about":[{"href":"https:\/\/parat.w.uib.no\/index.php?rest_route=\/wp\/v2\/types\/post"}],"author":[{"embeddable":true,"href":"https:\/\/parat.w.uib.no\/index.php?rest_route=\/wp\/v2\/users\/2802"}],"replies":[{"embeddable":true,"href":"https:\/\/parat.w.uib.no\/index.php?rest_route=%2Fwp%2Fv2%2Fcomments&post=392"}],"version-history":[{"count":9,"href":"https:\/\/parat.w.uib.no\/index.php?rest_route=\/wp\/v2\/posts\/392\/revisions"}],"predecessor-version":[{"id":406,"href":"https:\/\/parat.w.uib.no\/index.php?rest_route=\/wp\/v2\/posts\/392\/revisions\/406"}],"wp:attachment":[{"href":"https:\/\/parat.w.uib.no\/index.php?rest_route=%2Fwp%2Fv2%2Fmedia&parent=392"}],"wp:term":[{"taxonomy":"category","embeddable":true,"href":"https:\/\/parat.w.uib.no\/index.php?rest_route=%2Fwp%2Fv2%2Fcategories&post=392"},{"taxonomy":"post_tag","embeddable":true,"href":"https:\/\/parat.w.uib.no\/index.php?rest_route=%2Fwp%2Fv2%2Ftags&post=392"}],"curies":[{"name":"wp","href":"https:\/\/api.w.org\/{rel}","templated":true}]}}