{"id":385,"date":"2015-04-10T07:55:30","date_gmt":"2015-04-10T07:55:30","guid":{"rendered":"http:\/\/parat.w.uib.no\/?p=385"},"modified":"2015-04-10T07:57:09","modified_gmt":"2015-04-10T07:57:09","slug":"385","status":"publish","type":"post","link":"https:\/\/parat.w.uib.no\/?p=385","title":{"rendered":"Enighet i l\u00f8nnsoppgj\u00f8ret for frontfaget"},"content":{"rendered":"<h6>Sent torsdag kveld ble partene i frontfaget enige i forhandlingene for konkurranseutsatt industri. Arbeidstakersiden har vist moderasjon og leder for YS-privat, Vegard Einan, er godt forn\u00f8yd med et resultat som i \u00e5r gir en l\u00f8nnsvekst p\u00e5 2,7 prosent.<\/h6>\n<div class=\"newarticle_info\">\n<p><a title=\"Frontfaget\" href=\"http:\/\/www.parat.com\/newarticle.aspx?m=7&amp;amid=359041#.VSd-2qM4VaQhttp:\/\/\" target=\"_blank\">Les mer her<\/a><\/p>\n<p>Forhandlinger i staten starter 23 april<\/p>\n<\/div>\n","protected":false},"excerpt":{"rendered":"<p>Sent torsdag kveld ble partene i frontfaget enige i forhandlingene for konkurranseutsatt industri. Arbeidstakersiden har vist moderasjon og leder for YS-privat, Vegard Einan, er godt forn\u00f8yd med et resultat som i \u00e5r gir en l\u00f8nnsvekst p\u00e5 2,7 prosent. Les mer her Forhandlinger i staten starter 23 april<\/p>\n","protected":false},"author":2802,"featured_media":0,"comment_status":"closed","ping_status":"closed","sticky":false,"template":"","format":"standard","meta":{"footnotes":""},"categories":[44576],"tags":[],"class_list":["post-385","post","type-post","status-publish","format-standard","hentry","category-lonnsoppgjoret-2015"],"_links":{"self":[{"href":"https:\/\/parat.w.uib.no\/index.php?rest_route=\/wp\/v2\/posts\/385","targetHints":{"allow":["GET"]}}],"collection":[{"href":"https:\/\/parat.w.uib.no\/index.php?rest_route=\/wp\/v2\/posts"}],"about":[{"href":"https:\/\/parat.w.uib.no\/index.php?rest_route=\/wp\/v2\/types\/post"}],"author":[{"embeddable":true,"href":"https:\/\/parat.w.uib.no\/index.php?rest_route=\/wp\/v2\/users\/2802"}],"replies":[{"embeddable":true,"href":"https:\/\/parat.w.uib.no\/index.php?rest_route=%2Fwp%2Fv2%2Fcomments&post=385"}],"version-history":[{"count":5,"href":"https:\/\/parat.w.uib.no\/index.php?rest_route=\/wp\/v2\/posts\/385\/revisions"}],"predecessor-version":[{"id":390,"href":"https:\/\/parat.w.uib.no\/index.php?rest_route=\/wp\/v2\/posts\/385\/revisions\/390"}],"wp:attachment":[{"href":"https:\/\/parat.w.uib.no\/index.php?rest_route=%2Fwp%2Fv2%2Fmedia&parent=385"}],"wp:term":[{"taxonomy":"category","embeddable":true,"href":"https:\/\/parat.w.uib.no\/index.php?rest_route=%2Fwp%2Fv2%2Fcategories&post=385"},{"taxonomy":"post_tag","embeddable":true,"href":"https:\/\/parat.w.uib.no\/index.php?rest_route=%2Fwp%2Fv2%2Ftags&post=385"}],"curies":[{"name":"wp","href":"https:\/\/api.w.org\/{rel}","templated":true}]}}