{"id":330,"date":"2014-09-09T12:24:27","date_gmt":"2014-09-09T12:24:27","guid":{"rendered":"http:\/\/parat.w.uib.no\/?p=330"},"modified":"2014-09-09T12:24:27","modified_gmt":"2014-09-09T12:24:27","slug":"nettverk-parat-uh","status":"publish","type":"post","link":"https:\/\/parat.w.uib.no\/?p=330","title":{"rendered":"Nettverk Parat UH"},"content":{"rendered":"<p>Parat tillitsvalgte i Universitet og H\u00f8yskolesektoren (UH) har opprettet et nettverk for \u00e5 styrke arbeidet innen det statlige tariffomr\u00e5det. Vi skal sammen jobbe med saker som er viktig for v\u00e5re medlemmer og for \u00e5 opprettholde og utvikle de avtalene vi i dag har. Det er satt ned en arbeidsgruppe som skal jobbe med dette, og vi ser frem mot er mer styrket samarbeid med Parat i ryggen for \u00e5 l\u00f8se de utfordringene som sikkert vil komme i fremtiden.<\/p>\n","protected":false},"excerpt":{"rendered":"<p>Parat tillitsvalgte i Universitet og H\u00f8yskolesektoren (UH) har opprettet et nettverk for \u00e5 styrke arbeidet innen det statlige tariffomr\u00e5det. Vi skal sammen jobbe med saker som er viktig for v\u00e5re medlemmer og for \u00e5 opprettholde og utvikle de avtalene vi i dag har. Det er satt ned en arbeidsgruppe som skal jobbe med dette, og&hellip;<a href=\"https:\/\/parat.w.uib.no\/?p=330\" class=\"more-link\">Continue reading <span class=\"screen-reader-text\">Nettverk Parat UH<\/span><\/a><\/p>\n","protected":false},"author":2802,"featured_media":0,"comment_status":"closed","ping_status":"closed","sticky":false,"template":"","format":"standard","meta":{"footnotes":""},"categories":[1],"tags":[],"class_list":["post-330","post","type-post","status-publish","format-standard","hentry","category-uncategorized"],"_links":{"self":[{"href":"https:\/\/parat.w.uib.no\/index.php?rest_route=\/wp\/v2\/posts\/330","targetHints":{"allow":["GET"]}}],"collection":[{"href":"https:\/\/parat.w.uib.no\/index.php?rest_route=\/wp\/v2\/posts"}],"about":[{"href":"https:\/\/parat.w.uib.no\/index.php?rest_route=\/wp\/v2\/types\/post"}],"author":[{"embeddable":true,"href":"https:\/\/parat.w.uib.no\/index.php?rest_route=\/wp\/v2\/users\/2802"}],"replies":[{"embeddable":true,"href":"https:\/\/parat.w.uib.no\/index.php?rest_route=%2Fwp%2Fv2%2Fcomments&post=330"}],"version-history":[{"count":2,"href":"https:\/\/parat.w.uib.no\/index.php?rest_route=\/wp\/v2\/posts\/330\/revisions"}],"predecessor-version":[{"id":332,"href":"https:\/\/parat.w.uib.no\/index.php?rest_route=\/wp\/v2\/posts\/330\/revisions\/332"}],"wp:attachment":[{"href":"https:\/\/parat.w.uib.no\/index.php?rest_route=%2Fwp%2Fv2%2Fmedia&parent=330"}],"wp:term":[{"taxonomy":"category","embeddable":true,"href":"https:\/\/parat.w.uib.no\/index.php?rest_route=%2Fwp%2Fv2%2Fcategories&post=330"},{"taxonomy":"post_tag","embeddable":true,"href":"https:\/\/parat.w.uib.no\/index.php?rest_route=%2Fwp%2Fv2%2Ftags&post=330"}],"curies":[{"name":"wp","href":"https:\/\/api.w.org\/{rel}","templated":true}]}}