{"id":1203,"date":"2025-02-07T09:55:58","date_gmt":"2025-02-07T09:55:58","guid":{"rendered":"https:\/\/parat.w.uib.no\/?p=1203"},"modified":"2025-02-07T09:55:58","modified_gmt":"2025-02-07T09:55:58","slug":"resultat-av-de-lokale-lonnsforhandlingene-2024","status":"publish","type":"post","link":"https:\/\/parat.w.uib.no\/?p=1203","title":{"rendered":"Resultat av de lokale l\u00f8nnsforhandlingene 2024"},"content":{"rendered":"<p>Behandlingen i Riksl\u00f8nnsnemda i november f\u00f8rte til at de lokale l\u00f8nnsforhandlingene i 2024 ble gjennomf\u00f8rt senere enn vanlig og med frist 15.februar. Med denne korte fristen var det vanskelig \u00e5 f\u00e5 gjennomf\u00f8rt individuelle vurderinger p\u00e5 en forsvarlig m\u00e5te, og partene ved UiB kom til enighet om \u00e5 ikke behandle individuelle krav denne gangen. Det ble heller ikke forhandlet om endring av stillingskode. Det ble gitt gruppevise tillegg &#8211; prosentvis eller med kronebel\u00f8p.<\/p>\n<ul>\n<li>Det ble fremforhandlet p\u00e5 sentralt niv\u00e5 at ansatte som er medlemmer i YS Stat eller LO Stat fikk et generelt tillegg p\u00e5 0,75%<\/li>\n<li>I de lokale forhandlingene fikk ansatte i tekniske og adm. stillinger et gruppetillegg p\u00e5 2,6%<\/li>\n<li>De som l\u00e5 under minste startl\u00f8nn etter at gruppetillegget var gitt, ble l\u00f8ftet opp til dette niv\u00e5et<\/li>\n<li>Ansatte i stilling som 1033 klinikkavdelingsleder fikk et kronetillegg p\u00e5 8 000 (100% stilling)<\/li>\n<li>Ansatte i vitenskapelige stillinger fikk et gruppetilleg p\u00e5 2,9%<\/li>\n<li>Virkningspunktet for lokale og sentrale forhandlinger for medlemmer av YS Stat og LO Stat er 1.mai 2024<\/li>\n<\/ul>\n","protected":false},"excerpt":{"rendered":"<p>Behandlingen i Riksl\u00f8nnsnemda i november f\u00f8rte til at de lokale l\u00f8nnsforhandlingene i 2024 ble gjennomf\u00f8rt senere enn vanlig og med frist 15.februar. Med denne korte fristen var det vanskelig \u00e5 f\u00e5 gjennomf\u00f8rt individuelle vurderinger p\u00e5 en forsvarlig m\u00e5te, og partene ved UiB kom til enighet om \u00e5 ikke behandle individuelle krav denne gangen. Det ble&hellip;<a href=\"https:\/\/parat.w.uib.no\/?p=1203\" class=\"more-link\">Continue reading <span class=\"screen-reader-text\">Resultat av de lokale l\u00f8nnsforhandlingene 2024<\/span><\/a><\/p>\n","protected":false},"author":5013,"featured_media":0,"comment_status":"closed","ping_status":"closed","sticky":false,"template":"","format":"standard","meta":{"footnotes":""},"categories":[42],"tags":[],"class_list":["post-1203","post","type-post","status-publish","format-standard","hentry","category-diverse"],"_links":{"self":[{"href":"https:\/\/parat.w.uib.no\/index.php?rest_route=\/wp\/v2\/posts\/1203","targetHints":{"allow":["GET"]}}],"collection":[{"href":"https:\/\/parat.w.uib.no\/index.php?rest_route=\/wp\/v2\/posts"}],"about":[{"href":"https:\/\/parat.w.uib.no\/index.php?rest_route=\/wp\/v2\/types\/post"}],"author":[{"embeddable":true,"href":"https:\/\/parat.w.uib.no\/index.php?rest_route=\/wp\/v2\/users\/5013"}],"replies":[{"embeddable":true,"href":"https:\/\/parat.w.uib.no\/index.php?rest_route=%2Fwp%2Fv2%2Fcomments&post=1203"}],"version-history":[{"count":2,"href":"https:\/\/parat.w.uib.no\/index.php?rest_route=\/wp\/v2\/posts\/1203\/revisions"}],"predecessor-version":[{"id":1205,"href":"https:\/\/parat.w.uib.no\/index.php?rest_route=\/wp\/v2\/posts\/1203\/revisions\/1205"}],"wp:attachment":[{"href":"https:\/\/parat.w.uib.no\/index.php?rest_route=%2Fwp%2Fv2%2Fmedia&parent=1203"}],"wp:term":[{"taxonomy":"category","embeddable":true,"href":"https:\/\/parat.w.uib.no\/index.php?rest_route=%2Fwp%2Fv2%2Fcategories&post=1203"},{"taxonomy":"post_tag","embeddable":true,"href":"https:\/\/parat.w.uib.no\/index.php?rest_route=%2Fwp%2Fv2%2Ftags&post=1203"}],"curies":[{"name":"wp","href":"https:\/\/api.w.org\/{rel}","templated":true}]}}