{"id":1173,"date":"2024-01-22T10:45:03","date_gmt":"2024-01-22T10:45:03","guid":{"rendered":"https:\/\/parat.w.uib.no\/?p=1173"},"modified":"2024-01-22T10:45:03","modified_gmt":"2024-01-22T10:45:03","slug":"1173","status":"publish","type":"post","link":"https:\/\/parat.w.uib.no\/?p=1173","title":{"rendered":""},"content":{"rendered":"<p><strong>Utdrag fra presentasjoner YS Stat-konferansen<\/strong><\/p>\n<p><strong>YS Stat-leder Jens B. Jahren<\/strong> D<\/p>\n<p>Det er en meget krevende \u00f8konomisk situasjon for mange, og det vil sannsynligvis ikke bli bedre i 2024. Vi ser ogs\u00e5 at vi er blitt liggende bak i flere l\u00f8nnsoppgj\u00f8r. Derfor vil det v\u00e6re et klart krav for oss at det er behov for et godt oppgj\u00f8r, Det er store forventninger om \u00e5 opprettholde kj\u00f8pekraft blant v\u00e5re medlemmer.<\/p>\n<p>Jahren er opptatt av viktigheten av \u00e5 beholde riktig kompetanse i staten. L\u00f8nn er at av virkemidlene staten r\u00e5r over for \u00e5 sikre riktig kompetanse. Det handler om \u00e5 sikre god service, trygghet og sikkerhet for alle i hele Norge. Vi m\u00e5 s\u00f8rge for \u00e5 beholde flere av de dyktige ansatte som i dag jobber i staten, og da mener jeg l\u00f8nn er et godt virkemiddel, og da er det lurt med et godt l\u00f8nnsoppgj\u00f8r<\/p>\n<p>&nbsp;<\/p>\n<p><b>Teknologi og digitaliseringsminster Karianne Tung<\/b><\/p>\n<p>M\u00e5l om en Hovedtariffavtale (HTA), men partene m\u00e5 bli enige om det i fellesskap. Rapport fra FAFO vedr. konsekvenser av to HTA skal v\u00e6re klar 1.mars<\/p>\n<p>&nbsp;<\/p>\n<p><strong>Merete Onshus, sjef\u00f8konom i YS<\/strong><\/p>\n<p>Resultatet av arbeidet i Holden IV utvalget vedr. Frontfagsmodellen, og presenterte bl.a. utvalgets hovedkonklusjoner:<\/p>\n<p>\u2022 Det inntektspolitiske samarbeidet og samspillet i den \u00f8konomiske politikken har bidratt til<br \/>\nen god og balansert utvikling i norsk \u00f8konomi<\/p>\n<p>\u2022 Frontfagsmodellen inneb\u00e6rer at l\u00f8nnsveksten i industrien fungerer som en norm for<br \/>\nl\u00f8nnsveksten i andre deler av \u00f8konomien<\/p>\n<p>\u2022 Det er iboende interessemotsetninger i l\u00f8nnsdannelsen og de spenninger dette skaper<br \/>\nforsterkes ved store og uventede omveltninger i \u00f8konomien<\/p>\n<p>\u2022 Koordinert l\u00f8nnsdannelse gjennom frontfagsmodellen s\u00e6rlig viktig i slike tider<\/p>\n<p>\u2022 Utvalget slutter opp om frontfagsmodellen<\/p>\n<p>\u2022 Akademikerne og Unio st\u00f8tter frontfagsmodellen, men<br \/>\n&#8211; Akademikerne \u00f8nsker mindre styring av lokal l\u00f8nnsdannelse<br \/>\n&#8211; Begge \u00f8nsker st\u00f8rre fleksibilitet i den \u00f8konomiske rammen<\/p>\n","protected":false},"excerpt":{"rendered":"<p>Utdrag fra presentasjoner YS Stat-konferansen YS Stat-leder Jens B. Jahren D Det er en meget krevende \u00f8konomisk situasjon for mange, og det vil sannsynligvis ikke bli bedre i 2024. Vi ser ogs\u00e5 at vi er blitt liggende bak i flere l\u00f8nnsoppgj\u00f8r. Derfor vil det v\u00e6re et klart krav for oss at det er behov for&hellip;<a href=\"https:\/\/parat.w.uib.no\/?p=1173\" class=\"more-link\">Continue reading <span class=\"screen-reader-text\"><\/span><\/a><\/p>\n","protected":false},"author":5013,"featured_media":0,"comment_status":"closed","ping_status":"closed","sticky":false,"template":"","format":"standard","meta":{"footnotes":""},"categories":[42],"tags":[],"class_list":["post-1173","post","type-post","status-publish","format-standard","hentry","category-diverse"],"_links":{"self":[{"href":"https:\/\/parat.w.uib.no\/index.php?rest_route=\/wp\/v2\/posts\/1173","targetHints":{"allow":["GET"]}}],"collection":[{"href":"https:\/\/parat.w.uib.no\/index.php?rest_route=\/wp\/v2\/posts"}],"about":[{"href":"https:\/\/parat.w.uib.no\/index.php?rest_route=\/wp\/v2\/types\/post"}],"author":[{"embeddable":true,"href":"https:\/\/parat.w.uib.no\/index.php?rest_route=\/wp\/v2\/users\/5013"}],"replies":[{"embeddable":true,"href":"https:\/\/parat.w.uib.no\/index.php?rest_route=%2Fwp%2Fv2%2Fcomments&post=1173"}],"version-history":[{"count":4,"href":"https:\/\/parat.w.uib.no\/index.php?rest_route=\/wp\/v2\/posts\/1173\/revisions"}],"predecessor-version":[{"id":1177,"href":"https:\/\/parat.w.uib.no\/index.php?rest_route=\/wp\/v2\/posts\/1173\/revisions\/1177"}],"wp:attachment":[{"href":"https:\/\/parat.w.uib.no\/index.php?rest_route=%2Fwp%2Fv2%2Fmedia&parent=1173"}],"wp:term":[{"taxonomy":"category","embeddable":true,"href":"https:\/\/parat.w.uib.no\/index.php?rest_route=%2Fwp%2Fv2%2Fcategories&post=1173"},{"taxonomy":"post_tag","embeddable":true,"href":"https:\/\/parat.w.uib.no\/index.php?rest_route=%2Fwp%2Fv2%2Ftags&post=1173"}],"curies":[{"name":"wp","href":"https:\/\/api.w.org\/{rel}","templated":true}]}}